{"id":27966,"date":"2024-09-09T10:07:27","date_gmt":"2024-09-09T17:07:27","guid":{"rendered":"https:\/\/www.csipacific.ca\/?p=27966"},"modified":"2024-09-09T11:13:45","modified_gmt":"2024-09-09T18:13:45","slug":"les-paralympiens-de-la-c-b-brillent-dans-la-ville-lumiere-aux-jeux-paralympiques-de-paris-2024","status":"publish","type":"post","link":"https:\/\/www.csipacific.ca\/fr\/non-classifiee\/les-paralympiens-de-la-c-b-brillent-dans-la-ville-lumiere-aux-jeux-paralympiques-de-paris-2024\/","title":{"rendered":"Les paralympiens de la C.-B. brillent dans la Ville Lumi\u00e8re aux Jeux paralympiques de Paris 2024"},"content":{"rendered":"\t\t<div data-elementor-type=\"wp-post\" data-elementor-id=\"27966\" class=\"elementor elementor-27966 elementor-27954\">\n\t\t\t\t\t\t<section class=\"elementor-section elementor-top-section elementor-element elementor-element-54ca393 elementor-section-boxed elementor-section-height-default elementor-section-height-default\" data-id=\"54ca393\" data-element_type=\"section\" data-e-type=\"section\">\n\t\t\t\t\t\t<div class=\"elementor-container elementor-column-gap-default\">\n\t\t\t\t\t<div class=\"elementor-column elementor-col-100 elementor-top-column elementor-element elementor-element-31fd8fc\" data-id=\"31fd8fc\" data-element_type=\"column\" data-e-type=\"column\">\n\t\t\t<div class=\"elementor-widget-wrap elementor-element-populated\">\n\t\t\t\t\t\t<section class=\"elementor-section elementor-inner-section elementor-element elementor-element-a0554d8 elementor-reverse-tablet elementor-reverse-mobile elementor-section-boxed elementor-section-height-default elementor-section-height-default\" data-id=\"a0554d8\" data-element_type=\"section\" data-e-type=\"section\">\n\t\t\t\t\t\t<div class=\"elementor-container elementor-column-gap-wider\">\n\t\t\t\t\t<div class=\"elementor-column elementor-col-50 elementor-inner-column elementor-element elementor-element-9df2f01\" data-id=\"9df2f01\" data-element_type=\"column\" data-e-type=\"column\">\n\t\t\t<div class=\"elementor-widget-wrap elementor-element-populated\">\n\t\t\t\t\t\t<div class=\"elementor-element elementor-element-f2cb579 elementor-widget elementor-widget-heading\" data-id=\"f2cb579\" data-element_type=\"widget\" data-e-type=\"widget\" data-widget_type=\"heading.default\">\n\t\t\t\t<div class=\"elementor-widget-container\">\n\t\t\t\t\t<h4 class=\"elementor-heading-title elementor-size-default\">(Victoria, C.-B. \u2013 9 septembre 2024)<\/h4>\t\t\t\t<\/div>\n\t\t\t\t<\/div>\n\t\t\t\t<div class=\"elementor-element elementor-element-ec467d0 elementor-widget__width-initial elementor-widget elementor-widget-text-editor\" data-id=\"ec467d0\" data-element_type=\"widget\" data-e-type=\"widget\" data-widget_type=\"text-editor.default\">\n\t\t\t\t<div class=\"elementor-widget-container\">\n\t\t\t\t\t\t\t\t\t<p>L\u2019\u00e9quipe du Canada a conclu une autre \u00e9dition r\u00e9ussie des Jeux paralympiques, mettant en avant des performances exceptionnelles au cours de onze jours d&rsquo;action \u00e0 Paris. Sur les 126 athl\u00e8tes de l\u2019\u00e9quipe du Canada, 39 (soit 31 %) avaient des liens avec la Colombie-Britannique et ces athl\u00e8tes ont contribu\u00e9 \u00e0 45 % du total de 29 m\u00e9dailles remport\u00e9es par l\u2019\u00e9quipe du Canada.<\/p><p>Les 29 m\u00e9dailles du Canada d\u00e9passent largement les 21 m\u00e9dailles obtenues aux Jeux paralympiques de Tokyo, et les 10 m\u00e9dailles d\u2019or remport\u00e9es \u00e0 Paris constituent un record pour le Canada aux Jeux paralympiques d\u2019\u00e9t\u00e9 depuis 2008.<\/p>\t\t\t\t\t\t\t\t<\/div>\n\t\t\t\t<\/div>\n\t\t\t\t\t<\/div>\n\t\t<\/div>\n\t\t\t\t<div class=\"elementor-column elementor-col-50 elementor-inner-column elementor-element elementor-element-64ed4af\" data-id=\"64ed4af\" data-element_type=\"column\" data-e-type=\"column\">\n\t\t\t<div class=\"elementor-widget-wrap elementor-element-populated\">\n\t\t\t\t\t\t<div class=\"elementor-element elementor-element-37ce777 elementor-widget elementor-widget-image\" data-id=\"37ce777\" data-element_type=\"widget\" data-e-type=\"widget\" data-widget_type=\"image.default\">\n\t\t\t\t<div class=\"elementor-widget-container\">\n\t\t\t\t\t\t\t\t\t\t\t\t\t\t\t<img decoding=\"async\" src=\"https:\/\/www.csipacific.ca\/wp-content\/uploads\/elementor\/thumbs\/pr-csi-pacific-paris-2024-paralympics-qt6stv3hw4x3lj1wlb4b4y0zepjb9ywaspfba0truw.png\" title=\"pr-csi-pacific-paris-2024-paralympics\" alt=\"Paris 2024 Paralympics\" loading=\"lazy\" \/>\t\t\t\t\t\t\t\t\t\t\t\t\t\t\t<\/div>\n\t\t\t\t<\/div>\n\t\t\t\t\t<\/div>\n\t\t<\/div>\n\t\t\t\t\t<\/div>\n\t\t<\/section>\n\t\t\t\t<section class=\"elementor-section elementor-inner-section elementor-element elementor-element-091734b elementor-section-boxed elementor-section-height-default elementor-section-height-default\" data-id=\"091734b\" data-element_type=\"section\" data-e-type=\"section\">\n\t\t\t\t\t\t<div class=\"elementor-container elementor-column-gap-default\">\n\t\t\t\t\t<div class=\"elementor-column elementor-col-100 elementor-inner-column elementor-element elementor-element-9fb7b74\" data-id=\"9fb7b74\" data-element_type=\"column\" data-e-type=\"column\">\n\t\t\t<div class=\"elementor-widget-wrap elementor-element-populated\">\n\t\t\t\t\t\t<div class=\"elementor-element elementor-element-27d3d56 elementor-widget__width-initial elementor-widget elementor-widget-text-editor\" data-id=\"27d3d56\" data-element_type=\"widget\" data-e-type=\"widget\" data-widget_type=\"text-editor.default\">\n\t\t\t\t<div class=\"elementor-widget-container\">\n\t\t\t\t\t\t\t\t\t<p>Aux Jeux paralympiques de Paris 2024, l\u2019\u00e9quipe du Canada comptait 126 paralympiens. Parmi eux :<\/p>\n<ul>\n<li>39 membres (31 %) de l\u2019\u00e9quipe avaient un lien avec la C.-B., c\u2019est-\u00e0-dire qu\u2019ils s\u2019entra\u00eenent en C.-B. ou nomment un lieu en C.-B. comme leur ville d\u2019origine.\n<ul>\n<li>Les athl\u00e8tes li\u00e9s \u00e0 la C.-B. ont remport\u00e9 45 % des m\u00e9dailles de l\u2019\u00e9quipe du Canada.<\/li>\n<\/ul>\n<\/li>\n<li>33 athl\u00e8tes (26 %) \u00e9taient affili\u00e9s au CSI Pacific, c\u2019est-\u00e0-dire qu\u2019ils re\u00e7oivent du soutien du CSI Pacific ou du r\u00e9seau PacificSport.\n<ul>\n<li>Les athl\u00e8tes affili\u00e9s au CSI Pacific ont remport\u00e9 41 % des m\u00e9dailles de l\u2019\u00e9quipe du Canada.<\/li>\n<\/ul>\n<\/li>\n<li>118 athl\u00e8tes (94 %) \u00e9taient affili\u00e9s au R\u00e9seau des instituts du sport olympique et paralympique canadien (COPSIN), dont fait partie le CSI Pacific.\n<ul>\n<li>Les athl\u00e8tes affili\u00e9s au COPSIN ont remport\u00e9 96 % des m\u00e9dailles de l\u2019\u00e9quipe du Canada.<\/li>\n<\/ul>\n<\/li>\n<li>11 des 39 athl\u00e8tes li\u00e9s \u00e0 la C.-B. (28 %) ont remport\u00e9 des m\u00e9dailles.<\/li>\n<li>10 des 33 athl\u00e8tes affili\u00e9s au CSI Pacific (30 %) ont remport\u00e9 des m\u00e9dailles.<\/li>\n<li>En plus des m\u00e9dailles, six autres athl\u00e8tes affili\u00e9s au CSI Pacific ont r\u00e9alis\u00e9 des performances parmi les cinq premiers.<\/li>\n<\/ul>\n<p><em>Remarque : voir ci-dessous tous les m\u00e9daill\u00e9s affili\u00e9s au CSI Pacific et li\u00e9s \u00e0 la C.-B. aux Jeux de Paris 2024.<\/em><\/p>\n<p>Ces chiffres t\u00e9moignent de la performance continue des athl\u00e8tes li\u00e9s \u00e0 la C.-B. et affili\u00e9s au CSI Pacific lors des Jeux paralympiques et olympiques, qu\u2019ils soient d\u2019\u00e9t\u00e9 ou d\u2019hiver.<\/p>\n<p>Au cours des trois derniers Jeux paralympiques, les athl\u00e8tes affili\u00e9s au CSI Pacific ont obtenu les r\u00e9sultats suivants :<\/p>\n<ul>\n<li><strong>Jeux paralympiques de P\u00e9kin :<\/strong> repr\u00e9sentaient 35 % de l\u2019\u00e9quipe du Canada, ont remport\u00e9 56 % des m\u00e9dailles<\/li>\n<li><strong>Jeux paralympiques de Tokyo :<\/strong> repr\u00e9sentaient 23 % de l\u2019\u00e9quipe du Canada, ont remport\u00e9 43 % des m\u00e9dailles<\/li>\n<li><strong>Jeux olympiques de Paris :<\/strong> repr\u00e9sentaient 26 % de l\u2019\u00e9quipe du Canada, ont remport\u00e9 41 % des m\u00e9dailles<\/li>\n<\/ul>\n<p>\u00ab Au nom de tous les Britanno-Colombiens, je tiens \u00e0 f\u00e9liciter chaleureusement les incroyables paralympiens qui ont repr\u00e9sent\u00e9 la C.-B. et le Canada avec un athl\u00e9tisme, une d\u00e9termination et une excellence remarquables aux Jeux paralympiques de Paris 2024 \u00bb, a d\u00e9clar\u00e9 Lana Popham, ministre du Tourisme, des Arts, de la Culture et du Sport. \u00ab Les athl\u00e8tes de la C.-B. ont brill\u00e9 sous les projecteurs mondiaux, contribuant \u00e0 des moments marquants tels que Nicholas Bennett de Parkville remportant la premi\u00e8re m\u00e9daille d&rsquo;or du Canada et repr\u00e9sentant la fiert\u00e9 de notre nation en tant que porte-drapeau lors de la c\u00e9r\u00e9monie de cl\u00f4ture. La performance des athl\u00e8tes de la C.-B. et de l\u2019\u00e9quipe du Canada montre ce qui est possible dans le sport et inspirera des g\u00e9n\u00e9rations \u00e0 r\u00eaver sans limites. \u00bb<\/p>\n<p>\u00ab Ce que ces athl\u00e8tes ont accompli ici \u00e0 Paris et au cours de ce dernier cycle de quatre ans est vraiment inspirant \u00bb, a d\u00e9clar\u00e9 Wendy Pattenden, PDG du CSI Pacific. \u00ab Les Jeux paralympiques de Paris ont une fois de plus \u00e9tabli le Canada comme une force majeure dans le sport international. Nous avons le privil\u00e8ge de travailler aux c\u00f4t\u00e9s de ces athl\u00e8tes incroyables et de leurs organisations sportives nationales, en les aidant \u00e0 se pr\u00e9parer \u00e0 performer sur la plus grande sc\u00e8ne mondiale. \u00bb<\/p>\n<p>Le d\u00e9vouement et le soutien des organisations sportives nationales et provinciales (OSN\/OSP) de toute la Colombie-Britannique, ainsi que les contributions de tous les paliers de gouvernement et le leadership de viaSport, ont jou\u00e9 un r\u00f4le d\u00e9terminant dans l\u2019atteinte des objectifs sportifs des athl\u00e8tes li\u00e9s \u00e0 la C.-B.<\/p>\n<p>Le CSI Pacific a \u00e9galement envoy\u00e9 deux membres de son personnel aux Jeux paralympiques de Paris pour offrir un soutien sur le terrain aux athl\u00e8tes. Il s\u2019agissait de :<br><span style=\"color: var( --e-global-color-text ); font-family: var( --e-global-typography-text-font-family ), Sans-serif; letter-spacing: var(--the7-base-letter-spacing); text-transform: var(--the7-base-text-transform); word-spacing: normal;\"><br><b>Personnel de l\u2019Institut canadien du sport Pacific pr\u00e9sent aux Jeux paralympiques de Paris 2024<\/b><\/span><\/p>\n<table>\n<tbody>\n<tr>\n<td width=\"208\"><strong>Staff Member<\/strong><\/td>\n<td width=\"208\"><strong>Discipline<\/strong><\/td>\n<td width=\"208\"><strong>Sport<\/strong><\/td>\n<\/tr>\n<tr>\n<td width=\"208\">Sue Lott<\/td>\n<td width=\"208\">IST, Physioth\u00e9rapeute<\/td>\n<td width=\"208\">Athl\u00e9tisme Canada<\/td>\n<\/tr>\n<tr>\n<td width=\"208\">Matt Jensen<\/td>\n<td width=\"208\">Analyste de performance<\/td>\n<td width=\"208\">Rugby en fauteuil roulant Canada<br><\/td>\n<\/tr>\n<\/tbody>\n<\/table>\n<p><b><br><br><\/b><\/p>\n<p><span style=\"font-weight: 700;\">Athl\u00e8tes affili\u00e9s au CSI Pacific et athl\u00e8tes li\u00e9s \u00e0 la C.-B. m\u00e9daill\u00e9s aux Jeux paralympiques de Paris 2024<br>(par sport, nom de famille)<br><\/span><\/p>\n<table style=\"background-color: rgb(255, 255, 255); border-color: var(--the7-divider-color); width: 1119px;\">\n<tbody>\n<tr>\n<td width=\"170\" style=\"border-color: var(--the7-divider-color);\"><span style=\"font-weight: 700;\">Athl\u00e8te<\/span><\/td>\n<td width=\"132\" style=\"border-color: var(--the7-divider-color);\"><span style=\"font-weight: 700;\">Sport<\/span><\/td>\n<td width=\"237\" style=\"border-color: var(--the7-divider-color);\"><span style=\"font-weight: 700;\">Discipline<\/span><\/td>\n<td width=\"84\" style=\"border-color: var(--the7-divider-color);\"><span style=\"font-weight: 700;\">M\u00e9daille<\/span><\/td>\n<\/tr>\n<tr>\n<td width=\"170\" style=\"border-color: var(--the7-divider-color);\">Cody Fournie<\/td>\n<td width=\"132\" style=\"border-color: var(--the7-divider-color);\">Para Athl\u00e9tisme<\/td>\n<td width=\"237\" style=\"border-color: var(--the7-divider-color);\">T51 200m<\/td>\n<td width=\"84\" style=\"border-color: var(--the7-divider-color);\">Or<\/td>\n<\/tr>\n<tr>\n<td width=\"170\" style=\"border-color: var(--the7-divider-color);\">&nbsp;<\/td>\n<td width=\"132\" style=\"border-color: var(--the7-divider-color);\">Para Athl\u00e9tisme<\/td>\n<td width=\"237\" style=\"border-color: var(--the7-divider-color);\">T51 100m<\/td>\n<td width=\"84\" style=\"border-color: var(--the7-divider-color);\">Or<\/td>\n<\/tr>\n<tr>\n<td width=\"170\" style=\"border-color: var(--the7-divider-color);\">Nate Riech<\/td>\n<td width=\"132\" style=\"border-color: var(--the7-divider-color);\">Para Athl\u00e9tisme<\/td>\n<td width=\"237\" style=\"border-color: var(--the7-divider-color);\">T58 1500m<\/td>\n<td width=\"84\" style=\"border-color: var(--the7-divider-color);\">Argent<\/td>\n<\/tr>\n<tr>\n<td width=\"170\" style=\"border-color: var(--the7-divider-color);\">Austin Smeenk<\/td>\n<td width=\"132\" style=\"border-color: var(--the7-divider-color);\">Para Athl\u00e9tisme<\/td>\n<td width=\"237\" style=\"border-color: var(--the7-divider-color);\">T34 800m<\/td>\n<td width=\"84\" style=\"border-color: var(--the7-divider-color);\">Or<\/td>\n<\/tr>\n<tr>\n<td width=\"170\" style=\"border-color: var(--the7-divider-color);\">&nbsp;<\/td>\n<td width=\"132\" style=\"border-color: var(--the7-divider-color);\">Para Athl\u00e9tisme<\/td>\n<td width=\"237\" style=\"border-color: var(--the7-divider-color);\">T34 100m<\/td>\n<td width=\"84\" style=\"border-color: var(--the7-divider-color);\">Bronze<\/td>\n<\/tr>\n<tr>\n<td width=\"170\" style=\"border-color: var(--the7-divider-color);\">Greg Stewart<\/td>\n<td width=\"132\" style=\"border-color: var(--the7-divider-color);\">Para Athl\u00e9tisme<\/td>\n<td width=\"237\" style=\"border-color: var(--the7-divider-color);\">Lancer du poids F46<\/td>\n<td width=\"84\" style=\"border-color: var(--the7-divider-color);\">Or<\/td>\n<\/tr>\n<tr>\n<td width=\"170\" style=\"border-color: var(--the7-divider-color);\">Nathan Clement<\/td>\n<td width=\"132\" style=\"border-color: var(--the7-divider-color);\">Para Cyclisme<\/td>\n<td width=\"237\" style=\"border-color: var(--the7-divider-color);\">Contre-la-montre individuel T1-2<\/td>\n<td width=\"84\" style=\"border-color: var(--the7-divider-color);\">Argent<\/td>\n<\/tr>\n<tr>\n<td width=\"170\" style=\"border-color: var(--the7-divider-color);\">Nicholas Bennett<\/td>\n<td width=\"132\" style=\"border-color: var(--the7-divider-color);\">Para Natation<\/td>\n<td width=\"237\" style=\"border-color: var(--the7-divider-color);\">SB14 100 m Brasse<\/td>\n<td width=\"84\" style=\"border-color: var(--the7-divider-color);\">Or<\/td>\n<\/tr>\n<tr>\n<td width=\"170\" style=\"border-color: var(--the7-divider-color);\">&nbsp;<\/td>\n<td width=\"132\" style=\"border-color: var(--the7-divider-color);\">Para Natation<\/td>\n<td width=\"237\" style=\"border-color: var(--the7-divider-color);\">SM14 100 m 4 nages individuel<\/td>\n<td width=\"84\" style=\"border-color: var(--the7-divider-color);\">Or<\/td>\n<\/tr>\n<tr>\n<td width=\"170\" style=\"border-color: var(--the7-divider-color);\">&nbsp;<\/td>\n<td width=\"132\" style=\"border-color: var(--the7-divider-color);\">Para Natation<\/td>\n<td width=\"237\" style=\"border-color: var(--the7-divider-color);\">S14 200 m nage libre<\/td>\n<td width=\"84\" style=\"border-color: var(--the7-divider-color);\">Argent<\/td>\n<\/tr>\n<tr>\n<td width=\"170\" style=\"border-color: var(--the7-divider-color);\">Sebastian Massabie*<\/td>\n<td width=\"132\" style=\"border-color: var(--the7-divider-color);\">Para Swimming<\/td>\n<td width=\"237\" style=\"border-color: var(--the7-divider-color);\">S4 50 m nage libre<\/td>\n<td width=\"84\" style=\"border-color: var(--the7-divider-color);\">Or<\/td>\n<\/tr>\n<tr>\n<td width=\"170\" style=\"border-color: var(--the7-divider-color);\">Leanne Taylor<\/td>\n<td width=\"132\" style=\"border-color: var(--the7-divider-color);\">Para Triathlon<\/td>\n<td width=\"237\" style=\"border-color: var(--the7-divider-color);\">PTWC<\/td>\n<td width=\"84\" style=\"border-color: var(--the7-divider-color);\">Bronze<\/td>\n<\/tr>\n<tr>\n<td width=\"170\" style=\"border-color: var(--the7-divider-color);\">Danielle Ellis,<br>Jennifer McCreesh,<br>Felicia Voss-Shafiq<\/td>\n<td width=\"132\" style=\"border-color: var(--the7-divider-color);\">Volley-ball assis<\/td>\n<td width=\"237\" style=\"border-color: var(--the7-divider-color);\">\u00c9quipe f\u00e9minine<\/td>\n<td width=\"84\" style=\"border-color: var(--the7-divider-color);\">Bronze<\/td>\n<\/tr>\n<\/tbody>\n<\/table>\n<p><em>* d\u00e9signe une connexion avec la C.-B. mais non affili\u00e9 au CSI Pacific<\/em><\/p>\n<p><span style=\"color: var( --e-global-color-text ); font-family: var( --e-global-typography-text-font-family ), Sans-serif; font-weight: var( --e-global-typography-text-font-weight ); letter-spacing: var(--the7-base-letter-spacing); text-transform: var(--the7-base-text-transform); word-spacing: normal;\">&#8211; 30 &#8211;<\/span><\/p>\n<p><br><\/p>\t\t\t\t\t\t\t\t<\/div>\n\t\t\t\t<\/div>\n\t\t\t\t\t<\/div>\n\t\t<\/div>\n\t\t\t\t\t<\/div>\n\t\t<\/section>\n\t\t\t\t<section class=\"elementor-section elementor-inner-section elementor-element elementor-element-9c7ebc2 elementor-section-boxed elementor-section-height-default elementor-section-height-default\" data-id=\"9c7ebc2\" data-element_type=\"section\" data-e-type=\"section\">\n\t\t\t\t\t\t<div class=\"elementor-container elementor-column-gap-default\">\n\t\t\t\t\t<div class=\"elementor-column elementor-col-100 elementor-inner-column elementor-element elementor-element-eb848a6\" data-id=\"eb848a6\" data-element_type=\"column\" data-e-type=\"column\">\n\t\t\t<div class=\"elementor-widget-wrap elementor-element-populated\">\n\t\t\t\t\t\t<div class=\"elementor-element elementor-element-1e18681 elementor-widget-divider--view-line elementor-widget elementor-widget-divider\" data-id=\"1e18681\" data-element_type=\"widget\" data-e-type=\"widget\" data-widget_type=\"divider.default\">\n\t\t\t\t<div class=\"elementor-widget-container\">\n\t\t\t\t\t\t\t<div class=\"elementor-divider\">\n\t\t\t<span class=\"elementor-divider-separator\">\n\t\t\t\t\t\t<\/span>\n\t\t<\/div>\n\t\t\t\t\t\t<\/div>\n\t\t\t\t<\/div>\n\t\t\t\t<div class=\"elementor-element elementor-element-1dcbaed elementor-widget elementor-widget-text-editor\" data-id=\"1dcbaed\" data-element_type=\"widget\" data-e-type=\"widget\" data-widget_type=\"text-editor.default\">\n\t\t\t\t<div class=\"elementor-widget-container\">\n\t\t\t\t\t\t\t\t\t<div class=\"flex-shrink-0 flex flex-col relative items-end\"><div><div class=\"pt-0\"><div class=\"gizmo-bot-avatar flex h-8 w-8 items-center justify-center overflow-hidden rounded-full\"><h4 class=\"relative p-1 rounded-sm flex items-center justify-center bg-token-main-surface-primary text-token-text-primary h-8 w-8\">\u00c0 propos de l\u2019Institut canadien du sport Pacifique<\/h4><\/div><\/div><\/div><\/div><div class=\"group\/conversation-turn relative flex w-full min-w-0 flex-col agent-turn\"><div class=\"flex-col gap-1 md:gap-3\"><div class=\"flex flex-grow flex-col max-w-full\"><div class=\"min-h-[20px] text-message flex w-full flex-col items-end gap-2 whitespace-pre-wrap break-words [.text-message+&amp;]:mt-5 overflow-x-auto\" dir=\"auto\" data-message-author-role=\"assistant\" data-message-id=\"2f1d60bf-ba16-46f0-9be2-bf6796aa3006\"><div class=\"flex w-full flex-col gap-1 empty:hidden first:pt-[3px]\"><div class=\"markdown prose w-full break-words dark:prose-invert light\"><p>Offrant des environnements d\u2019entra\u00eenement olympiques et paralympiques de classe mondiale \u00e0 Vancouver, Whistler et Victoria, l\u2019Institut canadien du sport Pacifique (<a href=\"https:\/\/www.icspacifique.ca\/\" target=\"_blank\" rel=\"noopener noreferrer\">www.icspacifique.ca<\/a>) s\u2019engage \u00e0 Alimenter la performance. Inspirer l\u2019excellence. Travaillant avec des organisations sportives nationales et aliment\u00e9 par nos partenaires nationaux et provinciaux tels que Sport Canada, viaSport, \u00c0 nous le podium, le Comit\u00e9 olympique canadien, le Comit\u00e9 paralympique canadien et l\u2019Association canadienne des entra\u00eeneurs, nous sommes motiv\u00e9s par notre mantra Collaborer. Servir. Innover. Performer.<\/p><p>Notre \u00e9quipe d\u2019experts en sciences du sport, en m\u00e9decine sportive, en services de coaching et de vie fournit des programmes et des services de pointe aux athl\u00e8tes et entra\u00eeneurs pour s\u2019assurer qu\u2019ils ont tous les avantages pour gagner des m\u00e9dailles pour le Canada. En savoir plus :\u00a0<a href=\"https:\/\/www.icspacifique.ca\/\" target=\"_blank\" rel=\"noopener\">https:\/\/www.icspacifique.ca<\/a><\/p><h3><br \/>R\u00e9seau des instituts olympiques et paralympiques canadiens (COPSIN)<\/h3><p>Le R\u00e9seau des instituts olympiques et paralympiques canadiens (RISOPC) fournit des environnements d\u2019entra\u00eenement de classe mondiale aux athl\u00e8tes et entra\u00eeneurs d\u2019\u00e9lite \u00e0 travers le Canada. L\u2019\u00e9quipe d\u2019experts offre des services en sciences et m\u00e9decine du sport, en coaching, en recherche et innovation, en \u00e9ducation et en planification de carri\u00e8re pour alimenter les performances de podium et aider le Canada \u00e0 gagner plus de m\u00e9dailles. Le r\u00e9seau comprend cinq Instituts canadiens du sport (Pacifique, Alberta, Ontario, Qu\u00e9bec et Atlantique) et deux Centres canadiens du sport (Saskatchewan et Manitoba).<\/p><p><a href=\"https:\/\/risopc.ca\/\" target=\"_blank\" rel=\"noopener noreferrer\">https:\/\/risopc.ca<\/a><\/p><\/div><\/div><\/div><\/div><\/div><\/div>\t\t\t\t\t\t\t\t<\/div>\n\t\t\t\t<\/div>\n\t\t\t\t\t<\/div>\n\t\t<\/div>\n\t\t\t\t\t<\/div>\n\t\t<\/section>\n\t\t\t\t<section class=\"elementor-section elementor-inner-section elementor-element elementor-element-b8a824b elementor-section-boxed elementor-section-height-default elementor-section-height-default\" data-id=\"b8a824b\" data-element_type=\"section\" data-e-type=\"section\">\n\t\t\t\t\t\t<div class=\"elementor-container elementor-column-gap-default\">\n\t\t\t\t\t<div class=\"elementor-column elementor-col-100 elementor-inner-column elementor-element elementor-element-885bc59\" data-id=\"885bc59\" data-element_type=\"column\" data-e-type=\"column\">\n\t\t\t<div class=\"elementor-widget-wrap elementor-element-populated\">\n\t\t\t\t\t\t<div class=\"elementor-element elementor-element-f0cdf74 elementor-widget-divider--view-line elementor-widget elementor-widget-divider\" data-id=\"f0cdf74\" data-element_type=\"widget\" data-e-type=\"widget\" data-widget_type=\"divider.default\">\n\t\t\t\t<div class=\"elementor-widget-container\">\n\t\t\t\t\t\t\t<div class=\"elementor-divider\">\n\t\t\t<span class=\"elementor-divider-separator\">\n\t\t\t\t\t\t<\/span>\n\t\t<\/div>\n\t\t\t\t\t\t<\/div>\n\t\t\t\t<\/div>\n\t\t\t\t<div class=\"elementor-element elementor-element-3b91e41 elementor-widget elementor-widget-text-editor\" data-id=\"3b91e41\" data-element_type=\"widget\" data-e-type=\"widget\" data-widget_type=\"text-editor.default\">\n\t\t\t\t<div class=\"elementor-widget-container\">\n\t\t\t\t\t\t\t\t\t<h4>Pour plus d\u2019informations, contactez :<\/h4>\n<p>Noah Wheelock<br>Directeur principal, Communications et op\u00e9rations<br>ICS Pacifique<br><a href=\"mailto:nwheelock@csipacific.ca\">nwheelock@csipacific.ca<\/a><\/p>\t\t\t\t\t\t\t\t<\/div>\n\t\t\t\t<\/div>\n\t\t\t\t\t<\/div>\n\t\t<\/div>\n\t\t\t\t\t<\/div>\n\t\t<\/section>\n\t\t\t\t\t<\/div>\n\t\t<\/div>\n\t\t\t\t\t<\/div>\n\t\t<\/section>\n\t\t\t\t<\/div>\n\t\t","protected":false},"excerpt":{"rendered":"<p>(Victoria, C.-B. \u2013 9 septembre 2024) L\u2019\u00e9quipe du Canada a conclu une autre \u00e9dition r\u00e9ussie des Jeux paralympiques, mettant en avant des performances exceptionnelles au cours de onze jours d&rsquo;action \u00e0 Paris. Sur les 126 athl\u00e8tes de l\u2019\u00e9quipe du Canada, 39 (soit 31 %) avaient des liens avec la Colombie-Britannique et ces athl\u00e8tes ont contribu\u00e9&hellip;<\/p>\n","protected":false},"author":2,"featured_media":24322,"comment_status":"closed","ping_status":"closed","sticky":false,"template":"","format":"standard","meta":{"give_campaign_id":0,"footnotes":""},"categories":[1],"tags":[],"class_list":["post-27966","post","type-post","status-publish","format-standard","has-post-thumbnail","hentry","category-uncategorized"],"_links":{"self":[{"href":"https:\/\/www.csipacific.ca\/fr\/wp-json\/wp\/v2\/posts\/27966","targetHints":{"allow":["GET"]}}],"collection":[{"href":"https:\/\/www.csipacific.ca\/fr\/wp-json\/wp\/v2\/posts"}],"about":[{"href":"https:\/\/www.csipacific.ca\/fr\/wp-json\/wp\/v2\/types\/post"}],"author":[{"embeddable":true,"href":"https:\/\/www.csipacific.ca\/fr\/wp-json\/wp\/v2\/users\/2"}],"replies":[{"embeddable":true,"href":"https:\/\/www.csipacific.ca\/fr\/wp-json\/wp\/v2\/comments?post=27966"}],"version-history":[{"count":13,"href":"https:\/\/www.csipacific.ca\/fr\/wp-json\/wp\/v2\/posts\/27966\/revisions"}],"predecessor-version":[{"id":28002,"href":"https:\/\/www.csipacific.ca\/fr\/wp-json\/wp\/v2\/posts\/27966\/revisions\/28002"}],"wp:featuredmedia":[{"embeddable":true,"href":"https:\/\/www.csipacific.ca\/fr\/wp-json\/wp\/v2\/media\/24322"}],"wp:attachment":[{"href":"https:\/\/www.csipacific.ca\/fr\/wp-json\/wp\/v2\/media?parent=27966"}],"wp:term":[{"taxonomy":"category","embeddable":true,"href":"https:\/\/www.csipacific.ca\/fr\/wp-json\/wp\/v2\/categories?post=27966"},{"taxonomy":"post_tag","embeddable":true,"href":"https:\/\/www.csipacific.ca\/fr\/wp-json\/wp\/v2\/tags?post=27966"}],"curies":[{"name":"wp","href":"https:\/\/api.w.org\/{rel}","templated":true}]}}